{"id":6551,"date":"2021-11-02T11:37:16","date_gmt":"2021-11-02T11:37:16","guid":{"rendered":"https:\/\/www.fundaciongarciasineriz.es\/?p=6551\/"},"modified":"2021-11-02T11:47:33","modified_gmt":"2021-11-02T11:47:33","slug":"results-of-the-xxvi-call-2019-2021","status":"publish","type":"post","link":"https:\/\/www.fundaciongarciasineriz.es\/en\/2021\/11\/02\/results-of-the-xxvi-call-2019-2021\/","title":{"rendered":"Results of the XXVI Call (2019-2021)"},"content":{"rendered":"\n<h3 class=\"wp-block-heading\">Best Geophysical Award<\/h3>\n\n\n\n<p><a href=\"https:\/\/www.fundaciongarciasineriz.es\/2021\/11\/02\/directionality-and-soils-effects-on-the-seismic-hazard-and-risk-applications-to-ground-motion-big-data-sets-and-to-urban-environments\/\" target=\"_blank\" rel=\"noreferrer noopener\">Directionality and soils&#8217; effects on the seismic hazard and risk. Applications to ground motion big data sets and to urban environments<\/a><br>Author: Luis Alejandro Pinz\u00f3n Ure\u00f1a<\/p>\n\n\n\n<h3 class=\"wp-block-heading\">Special Mention<\/h3>\n\n\n\n<p><a rel=\"noreferrer noopener\" href=\"https:\/\/www.fundaciongarciasineriz.es\/2021\/11\/02\/nuevos-descubrimientos-en-la-estructura-litosferica-oceanica-usando-gravimetria-satelital-y-modelado-termal-la-placa-caribe-como-caso-de-estudio\/\" target=\"_blank\">New Insights from Satellite Gravimetry and Thermal Modelling on the Oceanic Lithospheric Structure: the Caribbean Plate as a Case Study<\/a><br>Author: \u00c1ngela Mar\u00eda G\u00f3mez Garc\u00eda<\/p>\n\n\n\n<figure class=\"wp-block-image size-large is-resized\"><img loading=\"lazy\" decoding=\"async\" src=\"https:\/\/www.fundaciongarciasineriz.es\/wp-content\/uploads\/2021\/11\/resultado_xxvi-convocatoria.jpg\" alt=\"\" class=\"wp-image-6502\" width=\"300\" height=\"424\" srcset=\"https:\/\/www.fundaciongarciasineriz.es\/wp-content\/uploads\/2021\/11\/resultado_xxvi-convocatoria.jpg 724w, https:\/\/www.fundaciongarciasineriz.es\/wp-content\/uploads\/2021\/11\/resultado_xxvi-convocatoria-212x300.jpg 212w, https:\/\/www.fundaciongarciasineriz.es\/wp-content\/uploads\/2021\/11\/resultado_xxvi-convocatoria-558x789.jpg 558w, https:\/\/www.fundaciongarciasineriz.es\/wp-content\/uploads\/2021\/11\/resultado_xxvi-convocatoria-655x926.jpg 655w, https:\/\/www.fundaciongarciasineriz.es\/wp-content\/uploads\/2021\/11\/resultado_xxvi-convocatoria-600x849.jpg 600w\" sizes=\"auto, (max-width: 300px) 100vw, 300px\" \/><\/figure>\n\n\n\n<figure class=\"wp-block-image size-large is-resized\"><img loading=\"lazy\" decoding=\"async\" src=\"https:\/\/www.fundaciongarciasineriz.es\/wp-content\/uploads\/2021\/11\/resultado_xxvi-convocatoria_mencion.jpg\" alt=\"\" class=\"wp-image-6503\" width=\"300\" height=\"424\" srcset=\"https:\/\/www.fundaciongarciasineriz.es\/wp-content\/uploads\/2021\/11\/resultado_xxvi-convocatoria_mencion.jpg 724w, https:\/\/www.fundaciongarciasineriz.es\/wp-content\/uploads\/2021\/11\/resultado_xxvi-convocatoria_mencion-212x300.jpg 212w, https:\/\/www.fundaciongarciasineriz.es\/wp-content\/uploads\/2021\/11\/resultado_xxvi-convocatoria_mencion-558x789.jpg 558w, https:\/\/www.fundaciongarciasineriz.es\/wp-content\/uploads\/2021\/11\/resultado_xxvi-convocatoria_mencion-655x926.jpg 655w\" sizes=\"auto, (max-width: 300px) 100vw, 300px\" \/><\/figure>\n","protected":false},"excerpt":{"rendered":"<p>The award-winning publication in this edition with the prize for Best Thesis in Geophysics.<\/p>\n","protected":false},"author":1,"featured_media":6502,"comment_status":"closed","ping_status":"closed","sticky":false,"template":"","format":"standard","meta":{"_acf_changed":false,"inline_featured_image":false,"footnotes":""},"categories":[87,83],"tags":[],"class_list":["post-6551","post","type-post","status-publish","format-standard","has-post-thumbnail","hentry","category-home","category-news"],"acf":[],"_links":{"self":[{"href":"https:\/\/www.fundaciongarciasineriz.es\/en\/wp-json\/wp\/v2\/posts\/6551","targetHints":{"allow":["GET"]}}],"collection":[{"href":"https:\/\/www.fundaciongarciasineriz.es\/en\/wp-json\/wp\/v2\/posts"}],"about":[{"href":"https:\/\/www.fundaciongarciasineriz.es\/en\/wp-json\/wp\/v2\/types\/post"}],"author":[{"embeddable":true,"href":"https:\/\/www.fundaciongarciasineriz.es\/en\/wp-json\/wp\/v2\/users\/1"}],"replies":[{"embeddable":true,"href":"https:\/\/www.fundaciongarciasineriz.es\/en\/wp-json\/wp\/v2\/comments?post=6551"}],"version-history":[{"count":2,"href":"https:\/\/www.fundaciongarciasineriz.es\/en\/wp-json\/wp\/v2\/posts\/6551\/revisions"}],"predecessor-version":[{"id":6554,"href":"https:\/\/www.fundaciongarciasineriz.es\/en\/wp-json\/wp\/v2\/posts\/6551\/revisions\/6554"}],"wp:featuredmedia":[{"embeddable":true,"href":"https:\/\/www.fundaciongarciasineriz.es\/en\/wp-json\/wp\/v2\/media\/6502"}],"wp:attachment":[{"href":"https:\/\/www.fundaciongarciasineriz.es\/en\/wp-json\/wp\/v2\/media?parent=6551"}],"wp:term":[{"taxonomy":"category","embeddable":true,"href":"https:\/\/www.fundaciongarciasineriz.es\/en\/wp-json\/wp\/v2\/categories?post=6551"},{"taxonomy":"post_tag","embeddable":true,"href":"https:\/\/www.fundaciongarciasineriz.es\/en\/wp-json\/wp\/v2\/tags?post=6551"}],"curies":[{"name":"wp","href":"https:\/\/api.w.org\/{rel}","templated":true}]}}