{"id":6267,"date":"2019-11-05T14:42:42","date_gmt":"2019-11-05T14:42:42","guid":{"rendered":"http:\/\/www.fundaciongarciasineriz.es\/?p=6267\/"},"modified":"2019-11-05T14:43:53","modified_gmt":"2019-11-05T14:43:53","slug":"act-giving-ceremony-of-the-xxv-call-of-prizes-j-garcia-sineriz-2018-2019","status":"publish","type":"post","link":"https:\/\/www.fundaciongarciasineriz.es\/en\/2019\/11\/05\/act-giving-ceremony-of-the-xxv-call-of-prizes-j-garcia-sineriz-2018-2019\/","title":{"rendered":"Act giving ceremony of the XXV Call of Prizes J. Garc\u00eda Si\u00f1eriz (2018-2019)"},"content":{"rendered":"<p>The next day, <strong>November 19<\/strong>, 2019 at <strong>12:00 pm<\/strong>, will be held in the <strong>Cloister of the School of Mines and Energy<\/strong> (R\u00edos Rosas, 21 28003 Madrid) the award ceremony of Geophysics Awards J. Garc\u00eda Si\u00f1eriz in its XXV call. The Magfco Rector. from the Polytechnic University of Madrid, Mr. Guillermo Cisneros P\u00e9rez will present the awards.<\/p>\n<p><a href=\"https:\/\/www.fundaciongarciasineriz.es\/wp-content\/uploads\/2019\/11\/invitacion-2019.pdf\" target=\"_blank\" rel=\"noopener\">You can download your invitation here.<\/a><\/p>\n<p>In this act a plaque of recognition will be delivered to the scientific career of <strong>Professor Agust\u00edn Ud\u00edas Vali\u00f1a S.J., Catedr\u00e1tico in Geophysics<\/strong> in Universities of Barcelona and Complutense of Madrid and visitor Professor in most prestigious american and european universities.<\/p>\n<p><img loading=\"lazy\" decoding=\"async\" class=\"alignleft size-medium wp-image-6235\" src=\"https:\/\/www.fundaciongarciasineriz.es\/wp-content\/uploads\/2019\/03\/cartelXXV-fgjs-2019-216x300.jpg\" alt=\"\" width=\"216\" height=\"300\" srcset=\"https:\/\/www.fundaciongarciasineriz.es\/wp-content\/uploads\/2019\/03\/cartelXXV-fgjs-2019-216x300.jpg 216w, https:\/\/www.fundaciongarciasineriz.es\/wp-content\/uploads\/2019\/03\/cartelXXV-fgjs-2019.jpg 737w, https:\/\/www.fundaciongarciasineriz.es\/wp-content\/uploads\/2019\/03\/cartelXXV-fgjs-2019-558x775.jpg 558w, https:\/\/www.fundaciongarciasineriz.es\/wp-content\/uploads\/2019\/03\/cartelXXV-fgjs-2019-655x910.jpg 655w, https:\/\/www.fundaciongarciasineriz.es\/wp-content\/uploads\/2019\/03\/cartelXXV-fgjs-2019-600x834.jpg 600w\" sizes=\"auto, (max-width: 216px) 100vw, 216px\" \/><\/p>\n","protected":false},"excerpt":{"rendered":"<p>Download here your invitation to the ceremony.<\/p>\n","protected":false},"author":1,"featured_media":5912,"comment_status":"open","ping_status":"open","sticky":false,"template":"","format":"standard","meta":{"_acf_changed":false,"inline_featured_image":false,"footnotes":""},"categories":[87,83],"tags":[],"class_list":["post-6267","post","type-post","status-publish","format-standard","has-post-thumbnail","hentry","category-home","category-news"],"acf":[],"_links":{"self":[{"href":"https:\/\/www.fundaciongarciasineriz.es\/en\/wp-json\/wp\/v2\/posts\/6267","targetHints":{"allow":["GET"]}}],"collection":[{"href":"https:\/\/www.fundaciongarciasineriz.es\/en\/wp-json\/wp\/v2\/posts"}],"about":[{"href":"https:\/\/www.fundaciongarciasineriz.es\/en\/wp-json\/wp\/v2\/types\/post"}],"author":[{"embeddable":true,"href":"https:\/\/www.fundaciongarciasineriz.es\/en\/wp-json\/wp\/v2\/users\/1"}],"replies":[{"embeddable":true,"href":"https:\/\/www.fundaciongarciasineriz.es\/en\/wp-json\/wp\/v2\/comments?post=6267"}],"version-history":[{"count":1,"href":"https:\/\/www.fundaciongarciasineriz.es\/en\/wp-json\/wp\/v2\/posts\/6267\/revisions"}],"predecessor-version":[{"id":6272,"href":"https:\/\/www.fundaciongarciasineriz.es\/en\/wp-json\/wp\/v2\/posts\/6267\/revisions\/6272"}],"wp:featuredmedia":[{"embeddable":true,"href":"https:\/\/www.fundaciongarciasineriz.es\/en\/wp-json\/wp\/v2\/media\/5912"}],"wp:attachment":[{"href":"https:\/\/www.fundaciongarciasineriz.es\/en\/wp-json\/wp\/v2\/media?parent=6267"}],"wp:term":[{"taxonomy":"category","embeddable":true,"href":"https:\/\/www.fundaciongarciasineriz.es\/en\/wp-json\/wp\/v2\/categories?post=6267"},{"taxonomy":"post_tag","embeddable":true,"href":"https:\/\/www.fundaciongarciasineriz.es\/en\/wp-json\/wp\/v2\/tags?post=6267"}],"curies":[{"name":"wp","href":"https:\/\/api.w.org\/{rel}","templated":true}]}}